{"id":855,"date":"2016-05-18T23:42:43","date_gmt":"2016-05-18T21:42:43","guid":{"rendered":"http:\/\/foerderverein-sophie-scholl-schule.de\/?p=855"},"modified":"2016-05-18T23:42:43","modified_gmt":"2016-05-18T21:42:43","slug":"bruchstrassenfest-am-4-juni-2016","status":"publish","type":"post","link":"https:\/\/foerderverein-sophie-scholl-schule.de\/?p=855","title":{"rendered":"Bruchstra\u00dfenfest am 4. Juni 2016"},"content":{"rendered":"<p><a href=\"http:\/\/foerderverein-sophie-scholl-schule.de\/wordpress\/wp-content\/uploads\/2013\/09\/Bruchstrasse2016.jpg\" rel=\"lightbox-0\"><img loading=\"lazy\" decoding=\"async\" class=\"alignleft wp-image-852 size-medium\" src=\"http:\/\/foerderverein-sophie-scholl-schule.de\/wordpress\/wp-content\/uploads\/2013\/09\/Bruchstrasse2016-206x300.jpg\" alt=\"Flyer 2016\" width=\"206\" height=\"300\" srcset=\"https:\/\/foerderverein-sophie-scholl-schule.de\/wordpress\/wp-content\/uploads\/2013\/09\/Bruchstrasse2016-206x300.jpg 206w, https:\/\/foerderverein-sophie-scholl-schule.de\/wordpress\/wp-content\/uploads\/2013\/09\/Bruchstrasse2016.jpg 569w\" sizes=\"auto, (max-width: 206px) 100vw, 206px\" \/><\/a><\/p>\n<p>Das 32. Bruchstra\u00dfenfest findet am Samstag, den 4. Juni 2016 statt &#8211; wer es noch nicht kennt, darf Gie\u00dfens sch\u00f6nstes Stra\u00dfenfest nicht verpassen. Und wer es kennt, wei\u00df das schon.<\/p>\n<p>Auch in diesem Jahr kommen die Erl\u00f6se den F\u00f6rdervereinen der Sophie-Scholl-Schule und der Helmut-von-Bracken-Schule zugute, die damit\u00a0 einen gro\u00dfen Teil ihrer Arbeit finanzieren k\u00f6nnen. Infos zum Programm gibt es unter <a href=\"http:\/\/www.bruchstrasse-giessen.de\/\" target=\"_blank\">http:\/\/www.bruchstrasse-giessen.de\/<\/a>.<\/p>\n<p>Mitfeiern ist schon toll, mitmachen aber unbezahlbar: \u00dcber die Schulverteiler wurde vor einigen Tagen bereits ein Begleitbrief verschickt, \u00fcber den auch der Zugang zu den Helferlisten m\u00f6glich ist.\u00a0Also ran an den Speck und die besten Pl\u00e4tze sichern an Bierpilz, Grill-, Waffel-, Schminkstand und Co!<\/p>\n<p><span style=\"color: #444444; font-family: 'Open Sans', Helvetica, Arial, sans-serif; font-size: 14px; font-style: normal; font-variant: normal; font-weight: normal; letter-spacing: normal; line-height: 24px; orphans: auto; text-align: start; text-indent: 0px; text-transform: none; white-space: normal; widows: auto; word-spacing: 0px; -webkit-text-stroke-width: 0px; background-color: #ffffff; display: inline !important; float: none;\">Auf Ihren Besuch und Ihre Beteiligung freut sich<\/span><br style=\"color: #444444; font-family: 'Open Sans', Helvetica, Arial, sans-serif; font-size: 14px; font-style: normal; font-variant: normal; font-weight: normal; letter-spacing: normal; line-height: 24px; orphans: auto; text-align: start; text-indent: 0px; text-transform: none; white-space: normal; widows: auto; word-spacing: 0px; -webkit-text-stroke-width: 0px; background-color: #ffffff;\" \/><span style=\"color: #444444; font-family: 'Open Sans', Helvetica, Arial, sans-serif; font-size: 14px; font-style: normal; font-variant: normal; font-weight: normal; letter-spacing: normal; line-height: 24px; orphans: auto; text-align: start; text-indent: 0px; text-transform: none; white-space: normal; widows: auto; word-spacing: 0px; -webkit-text-stroke-width: 0px; background-color: #ffffff; display: inline !important; float: none;\">Ihr Vorstand des F\u00f6rdervereins (fwd)<\/span><\/p>\n<a class=\"synved-social-button synved-social-button-share synved-social-size-24 synved-social-resolution-single synved-social-provider-facebook nolightbox\" data-provider=\"facebook\" target=\"_blank\" rel=\"nofollow\" title=\"Auf Facebook teilen\" href=\"https:\/\/www.facebook.com\/sharer.php?u=https%3A%2F%2Ffoerderverein-sophie-scholl-schule.de%2Findex.php%3Frest_route%3D%252Fwp%252Fv2%252Fposts%252F855&#038;t=Bruchstra%C3%9Fenfest%20am%204.%20Juni%202016&#038;s=100&#038;p&#091;url&#093;=https%3A%2F%2Ffoerderverein-sophie-scholl-schule.de%2Findex.php%3Frest_route%3D%252Fwp%252Fv2%252Fposts%252F855&#038;p&#091;images&#093;&#091;0&#093;=http%3A%2F%2Ffoerderverein-sophie-scholl-schule.de%2Fwordpress%2Fwp-content%2Fuploads%2F2013%2F09%2FBruchstrasse2016-206x300.jpg&#038;p&#091;title&#093;=Bruchstra%C3%9Fenfest%20am%204.%20Juni%202016\" style=\"font-size: 0px;width:24px;height:24px;margin:0;margin-bottom:5px;margin-right:5px\"><img loading=\"lazy\" decoding=\"async\" alt=\"Facebook\" title=\"Auf Facebook teilen\" class=\"synved-share-image synved-social-image synved-social-image-share\" width=\"24\" height=\"24\" style=\"display: inline;width:24px;height:24px;margin: 0;padding: 0;border: none;box-shadow: none\" src=\"https:\/\/foerderverein-sophie-scholl-schule.de\/wordpress\/wp-content\/plugins\/social-media-feather\/synved-social\/image\/social\/regular\/48x48\/facebook.png\" \/><\/a><a class=\"synved-social-button synved-social-button-share synved-social-size-24 synved-social-resolution-single synved-social-provider-twitter nolightbox\" data-provider=\"twitter\" target=\"_blank\" rel=\"nofollow\" title=\"Auf Twitter teilen\" href=\"https:\/\/twitter.com\/intent\/tweet?url=https%3A%2F%2Ffoerderverein-sophie-scholl-schule.de%2Findex.php%3Frest_route%3D%252Fwp%252Fv2%252Fposts%252F855&#038;text=%23FSSSGi%20\" style=\"font-size: 0px;width:24px;height:24px;margin:0;margin-bottom:5px;margin-right:5px\"><img loading=\"lazy\" decoding=\"async\" alt=\"twitter\" title=\"Auf Twitter teilen\" class=\"synved-share-image synved-social-image synved-social-image-share\" width=\"24\" height=\"24\" style=\"display: inline;width:24px;height:24px;margin: 0;padding: 0;border: none;box-shadow: none\" src=\"https:\/\/foerderverein-sophie-scholl-schule.de\/wordpress\/wp-content\/plugins\/social-media-feather\/synved-social\/image\/social\/regular\/48x48\/twitter.png\" \/><\/a><a class=\"synved-social-button synved-social-button-share synved-social-size-24 synved-social-resolution-single synved-social-provider-mail nolightbox\" data-provider=\"mail\" rel=\"nofollow\" title=\"Share by email\" href=\"mailto:?subject=Bruchstra%C3%9Fenfest%20am%204.%20Juni%202016&#038;body=%23FSSSGi%20:%20https%3A%2F%2Ffoerderverein-sophie-scholl-schule.de%2Findex.php%3Frest_route%3D%252Fwp%252Fv2%252Fposts%252F855\" style=\"font-size: 0px;width:24px;height:24px;margin:0;margin-bottom:5px\"><img loading=\"lazy\" decoding=\"async\" alt=\"mail\" title=\"Share by email\" class=\"synved-share-image synved-social-image synved-social-image-share\" width=\"24\" height=\"24\" style=\"display: inline;width:24px;height:24px;margin: 0;padding: 0;border: none;box-shadow: none\" src=\"https:\/\/foerderverein-sophie-scholl-schule.de\/wordpress\/wp-content\/plugins\/social-media-feather\/synved-social\/image\/social\/regular\/48x48\/mail.png\" \/><\/a>","protected":false},"excerpt":{"rendered":"<p>Das 32. Bruchstra\u00dfenfest findet am Samstag, den 4. Juni 2016 statt &#8211; wer es noch nicht kennt, darf Gie\u00dfens sch\u00f6nstes Stra\u00dfenfest nicht verpassen. Und wer es kennt, wei\u00df das schon. [&hellip;]<\/p>\n","protected":false},"author":1,"featured_media":0,"comment_status":"open","ping_status":"open","sticky":false,"template":"","format":"standard","meta":{"_price":"","_stock":"","_tribe_ticket_header":"","_tribe_default_ticket_provider":"","_tribe_ticket_capacity":"0","_ticket_start_date":"","_ticket_end_date":"","_tribe_ticket_show_description":"","_tribe_ticket_show_not_going":false,"_tribe_ticket_use_global_stock":"","_tribe_ticket_global_stock_level":"","_global_stock_mode":"","_global_stock_cap":"","_tribe_rsvp_for_event":"","_tribe_ticket_going_count":"","_tribe_ticket_not_going_count":"","_tribe_tickets_list":"[]","_tribe_ticket_has_attendee_info_fields":false,"footnotes":""},"categories":[4,8],"tags":[],"class_list":["post-855","post","type-post","status-publish","format-standard","hentry","category-fuf","category-vhw"],"_links":{"self":[{"href":"https:\/\/foerderverein-sophie-scholl-schule.de\/index.php?rest_route=\/wp\/v2\/posts\/855","targetHints":{"allow":["GET"]}}],"collection":[{"href":"https:\/\/foerderverein-sophie-scholl-schule.de\/index.php?rest_route=\/wp\/v2\/posts"}],"about":[{"href":"https:\/\/foerderverein-sophie-scholl-schule.de\/index.php?rest_route=\/wp\/v2\/types\/post"}],"author":[{"embeddable":true,"href":"https:\/\/foerderverein-sophie-scholl-schule.de\/index.php?rest_route=\/wp\/v2\/users\/1"}],"replies":[{"embeddable":true,"href":"https:\/\/foerderverein-sophie-scholl-schule.de\/index.php?rest_route=%2Fwp%2Fv2%2Fcomments&post=855"}],"version-history":[{"count":2,"href":"https:\/\/foerderverein-sophie-scholl-schule.de\/index.php?rest_route=\/wp\/v2\/posts\/855\/revisions"}],"predecessor-version":[{"id":857,"href":"https:\/\/foerderverein-sophie-scholl-schule.de\/index.php?rest_route=\/wp\/v2\/posts\/855\/revisions\/857"}],"wp:attachment":[{"href":"https:\/\/foerderverein-sophie-scholl-schule.de\/index.php?rest_route=%2Fwp%2Fv2%2Fmedia&parent=855"}],"wp:term":[{"taxonomy":"category","embeddable":true,"href":"https:\/\/foerderverein-sophie-scholl-schule.de\/index.php?rest_route=%2Fwp%2Fv2%2Fcategories&post=855"},{"taxonomy":"post_tag","embeddable":true,"href":"https:\/\/foerderverein-sophie-scholl-schule.de\/index.php?rest_route=%2Fwp%2Fv2%2Ftags&post=855"}],"curies":[{"name":"wp","href":"https:\/\/api.w.org\/{rel}","templated":true}]}}