{"id":845,"date":"2016-03-14T00:49:25","date_gmt":"2016-03-13T22:49:25","guid":{"rendered":"http:\/\/foerderverein-sophie-scholl-schule.de\/?p=845"},"modified":"2016-03-14T00:49:25","modified_gmt":"2016-03-13T22:49:25","slug":"elo-schuh-wir-machen-die-welt-ein-bisschen-besser","status":"publish","type":"post","link":"https:\/\/foerderverein-sophie-scholl-schule.de\/?p=845","title":{"rendered":"ELO-Schuh &#8211; wir machen die Welt ein bisschen besser!"},"content":{"rendered":"<h2>Sophie-Scholl-Sch\u00fcler belegen den zweiten Platz beim Weltretter-Wettbewerb<\/h2>\n<p>Wie k\u00f6nnen wir unsere Welt ein St\u00fcck verbessern? Mit einer Maschine, die den Plastikm\u00fcll aus den Weltmeeren fischt oder die Zigarettenkippen aufsammelt? Fliegende Autos, die keinen Sprit verbrauchen und auch keine Abgase produzieren?<br \/>\nDie Klasse 5\/6d hat diese und andere Ideen diskutiert, um sich mit einem eigenen Beitrag am Zeit Leo Weltretter-Wettbewerb zu beteiligen. Drei Monate lang hat sie nachgeforscht und get\u00fcftelt. Herausgekommen ist der ELO-Schuh (elektronischer Schuh), der sich auf Knopfdruck \u00f6ffnet und schlie\u00dft.<\/p>\n<div id=\"attachment_848\" style=\"width: 861px\" class=\"wp-caption aligncenter\"><img loading=\"lazy\" decoding=\"async\" aria-describedby=\"caption-attachment-848\" class=\"size-full wp-image-848\" src=\"http:\/\/foerderverein-sophie-scholl-schule.de\/wordpress\/wp-content\/uploads\/2016\/03\/Zeit-Wettbewerb-Schuh.jpg\" alt=\"Der entwickelte ELO-Schuh\" width=\"851\" height=\"682\" srcset=\"https:\/\/foerderverein-sophie-scholl-schule.de\/wordpress\/wp-content\/uploads\/2016\/03\/Zeit-Wettbewerb-Schuh.jpg 851w, https:\/\/foerderverein-sophie-scholl-schule.de\/wordpress\/wp-content\/uploads\/2016\/03\/Zeit-Wettbewerb-Schuh-300x240.jpg 300w, https:\/\/foerderverein-sophie-scholl-schule.de\/wordpress\/wp-content\/uploads\/2016\/03\/Zeit-Wettbewerb-Schuh-768x615.jpg 768w, https:\/\/foerderverein-sophie-scholl-schule.de\/wordpress\/wp-content\/uploads\/2016\/03\/Zeit-Wettbewerb-Schuh-624x500.jpg 624w\" sizes=\"auto, (max-width: 851px) 100vw, 851px\" \/><p id=\"caption-attachment-848\" class=\"wp-caption-text\">Der entwickelte ELO-Schuh<\/p><\/div>\n<p>Er hilft alten, behinderten oder auch kranken Menschen im Alltag selbstst\u00e4ndiger zu leben. In verschiedenen Teams haben die Sch\u00fclerinnen und Sch\u00fcler nicht nur ein tats\u00e4chlich funktionierendes Modell des Schuhs gebaut, sondern auch ein Logo entwickelt, ein Plakat gestaltet, einen Film gedreht und ihre Arbeit in einem Heft ausf\u00fchrlich dokumentiert.<\/p>\n<p>Mit diesem Projekt belegte die Klasse 5\/6d den zweiten Platz! Deutschlandweit hatten sich 1800 Sch\u00fcler am Weltretter-Wettbewerb beteiligt.<\/p>\n<div id=\"attachment_847\" style=\"width: 807px\" class=\"wp-caption aligncenter\"><img loading=\"lazy\" decoding=\"async\" aria-describedby=\"caption-attachment-847\" class=\"size-full wp-image-847\" src=\"http:\/\/foerderverein-sophie-scholl-schule.de\/wordpress\/wp-content\/uploads\/2016\/03\/Zeit-Wettbewerb-Gruppe.jpg\" alt=\"Die Klasse 5\/6d beim Zeit Leo Weltretter-Wettbewerb. Foto: Andreas Henn (c) f\u00fcr DIE ZEIT\" width=\"797\" height=\"419\" srcset=\"https:\/\/foerderverein-sophie-scholl-schule.de\/wordpress\/wp-content\/uploads\/2016\/03\/Zeit-Wettbewerb-Gruppe.jpg 797w, https:\/\/foerderverein-sophie-scholl-schule.de\/wordpress\/wp-content\/uploads\/2016\/03\/Zeit-Wettbewerb-Gruppe-300x158.jpg 300w, https:\/\/foerderverein-sophie-scholl-schule.de\/wordpress\/wp-content\/uploads\/2016\/03\/Zeit-Wettbewerb-Gruppe-768x404.jpg 768w, https:\/\/foerderverein-sophie-scholl-schule.de\/wordpress\/wp-content\/uploads\/2016\/03\/Zeit-Wettbewerb-Gruppe-624x328.jpg 624w\" sizes=\"auto, (max-width: 797px) 100vw, 797px\" \/><p id=\"caption-attachment-847\" class=\"wp-caption-text\">Die Klasse 5\/6d beim Zeit Leo Weltretter-Wettbewerb. Foto: Andreas Henn (c) f\u00fcr DIE ZEIT<\/p><\/div>\n<p>Die Preisverleihung fand am 01.03.2016 in Hamburg statt. Dank des schulischen F\u00f6rdervereins konnte die Klasse eine zweite Nacht in Hamburg verbringen und zus\u00e4tzlich das Miniatur Wunderland besuchen und eine Hafenrundfahrt unternehmen.<\/p>\n<p>Nun wird die Klasse 5\/6d unterst\u00fctzt von der Jury Kontakt mit namenhaften Schuhherstellern aufnehmen und an dem Schuh weiterarbeiten. Dr\u00fccken wir die Daumen, damit er vielleicht tats\u00e4chlich irgendwann in Serie geht und m\u00f6glichst vielen Menschen den Alltag erleichtert.<\/p>\n<p>Und hier noch das Video zum Projekt:<\/p>\n<p><iframe loading=\"lazy\" src=\"https:\/\/www.youtube.com\/embed\/YUoD4915YTI\" width=\"560\" height=\"315\" frameborder=\"0\" allowfullscreen=\"allowfullscreen\"><\/iframe><\/p>\n<p>Gastbeitrag von Nicole M\u00fchlberger,\u00a0Janine Bausch und Silke Peppler.<\/p>\n<a class=\"synved-social-button synved-social-button-share synved-social-size-24 synved-social-resolution-single synved-social-provider-facebook nolightbox\" data-provider=\"facebook\" target=\"_blank\" rel=\"nofollow\" title=\"Auf Facebook teilen\" href=\"https:\/\/www.facebook.com\/sharer.php?u=https%3A%2F%2Ffoerderverein-sophie-scholl-schule.de%2Findex.php%3Frest_route%3D%252Fwp%252Fv2%252Fposts%252F845&#038;t=ELO-Schuh%20%E2%80%93%20wir%20machen%20die%20Welt%20ein%20bisschen%20besser%21&#038;s=100&#038;p&#091;url&#093;=https%3A%2F%2Ffoerderverein-sophie-scholl-schule.de%2Findex.php%3Frest_route%3D%252Fwp%252Fv2%252Fposts%252F845&#038;p&#091;images&#093;&#091;0&#093;=http%3A%2F%2Ffoerderverein-sophie-scholl-schule.de%2Fwordpress%2Fwp-content%2Fuploads%2F2016%2F03%2FZeit-Wettbewerb-Schuh.jpg&#038;p&#091;title&#093;=ELO-Schuh%20%E2%80%93%20wir%20machen%20die%20Welt%20ein%20bisschen%20besser%21\" style=\"font-size: 0px;width:24px;height:24px;margin:0;margin-bottom:5px;margin-right:5px\"><img loading=\"lazy\" decoding=\"async\" alt=\"Facebook\" title=\"Auf Facebook teilen\" class=\"synved-share-image synved-social-image synved-social-image-share\" width=\"24\" height=\"24\" style=\"display: inline;width:24px;height:24px;margin: 0;padding: 0;border: none;box-shadow: none\" src=\"https:\/\/foerderverein-sophie-scholl-schule.de\/wordpress\/wp-content\/plugins\/social-media-feather\/synved-social\/image\/social\/regular\/48x48\/facebook.png\" \/><\/a><a class=\"synved-social-button synved-social-button-share synved-social-size-24 synved-social-resolution-single synved-social-provider-twitter nolightbox\" data-provider=\"twitter\" target=\"_blank\" rel=\"nofollow\" title=\"Auf Twitter teilen\" href=\"https:\/\/twitter.com\/intent\/tweet?url=https%3A%2F%2Ffoerderverein-sophie-scholl-schule.de%2Findex.php%3Frest_route%3D%252Fwp%252Fv2%252Fposts%252F845&#038;text=%23FSSSGi%20\" style=\"font-size: 0px;width:24px;height:24px;margin:0;margin-bottom:5px;margin-right:5px\"><img loading=\"lazy\" decoding=\"async\" alt=\"twitter\" title=\"Auf Twitter teilen\" class=\"synved-share-image synved-social-image synved-social-image-share\" width=\"24\" height=\"24\" style=\"display: inline;width:24px;height:24px;margin: 0;padding: 0;border: none;box-shadow: none\" src=\"https:\/\/foerderverein-sophie-scholl-schule.de\/wordpress\/wp-content\/plugins\/social-media-feather\/synved-social\/image\/social\/regular\/48x48\/twitter.png\" \/><\/a><a class=\"synved-social-button synved-social-button-share synved-social-size-24 synved-social-resolution-single synved-social-provider-mail nolightbox\" data-provider=\"mail\" rel=\"nofollow\" title=\"Share by email\" href=\"mailto:?subject=ELO-Schuh%20%E2%80%93%20wir%20machen%20die%20Welt%20ein%20bisschen%20besser%21&#038;body=%23FSSSGi%20:%20https%3A%2F%2Ffoerderverein-sophie-scholl-schule.de%2Findex.php%3Frest_route%3D%252Fwp%252Fv2%252Fposts%252F845\" style=\"font-size: 0px;width:24px;height:24px;margin:0;margin-bottom:5px\"><img loading=\"lazy\" decoding=\"async\" alt=\"mail\" title=\"Share by email\" class=\"synved-share-image synved-social-image synved-social-image-share\" width=\"24\" height=\"24\" style=\"display: inline;width:24px;height:24px;margin: 0;padding: 0;border: none;box-shadow: none\" src=\"https:\/\/foerderverein-sophie-scholl-schule.de\/wordpress\/wp-content\/plugins\/social-media-feather\/synved-social\/image\/social\/regular\/48x48\/mail.png\" \/><\/a>","protected":false},"excerpt":{"rendered":"<p>Sophie-Scholl-Sch\u00fcler belegen den zweiten Platz beim Weltretter-Wettbewerb Wie k\u00f6nnen wir unsere Welt ein St\u00fcck verbessern? Mit einer Maschine, die den Plastikm\u00fcll aus den Weltmeeren fischt oder die Zigarettenkippen aufsammelt? Fliegende [&hellip;]<\/p>\n","protected":false},"author":14,"featured_media":0,"comment_status":"open","ping_status":"open","sticky":false,"template":"","format":"standard","meta":{"_price":"","_stock":"","_tribe_ticket_header":"","_tribe_default_ticket_provider":"","_tribe_ticket_capacity":"0","_ticket_start_date":"","_ticket_end_date":"","_tribe_ticket_show_description":"","_tribe_ticket_show_not_going":false,"_tribe_ticket_use_global_stock":"","_tribe_ticket_global_stock_level":"","_global_stock_mode":"","_global_stock_cap":"","_tribe_rsvp_for_event":"","_tribe_ticket_going_count":"","_tribe_ticket_not_going_count":"","_tribe_tickets_list":"[]","_tribe_ticket_has_attendee_info_fields":false,"footnotes":""},"categories":[9,7],"tags":[],"class_list":["post-845","post","type-post","status-publish","format-standard","hentry","category-unterstuetzung","category-video"],"_links":{"self":[{"href":"https:\/\/foerderverein-sophie-scholl-schule.de\/index.php?rest_route=\/wp\/v2\/posts\/845","targetHints":{"allow":["GET"]}}],"collection":[{"href":"https:\/\/foerderverein-sophie-scholl-schule.de\/index.php?rest_route=\/wp\/v2\/posts"}],"about":[{"href":"https:\/\/foerderverein-sophie-scholl-schule.de\/index.php?rest_route=\/wp\/v2\/types\/post"}],"author":[{"embeddable":true,"href":"https:\/\/foerderverein-sophie-scholl-schule.de\/index.php?rest_route=\/wp\/v2\/users\/14"}],"replies":[{"embeddable":true,"href":"https:\/\/foerderverein-sophie-scholl-schule.de\/index.php?rest_route=%2Fwp%2Fv2%2Fcomments&post=845"}],"version-history":[{"count":2,"href":"https:\/\/foerderverein-sophie-scholl-schule.de\/index.php?rest_route=\/wp\/v2\/posts\/845\/revisions"}],"predecessor-version":[{"id":849,"href":"https:\/\/foerderverein-sophie-scholl-schule.de\/index.php?rest_route=\/wp\/v2\/posts\/845\/revisions\/849"}],"wp:attachment":[{"href":"https:\/\/foerderverein-sophie-scholl-schule.de\/index.php?rest_route=%2Fwp%2Fv2%2Fmedia&parent=845"}],"wp:term":[{"taxonomy":"category","embeddable":true,"href":"https:\/\/foerderverein-sophie-scholl-schule.de\/index.php?rest_route=%2Fwp%2Fv2%2Fcategories&post=845"},{"taxonomy":"post_tag","embeddable":true,"href":"https:\/\/foerderverein-sophie-scholl-schule.de\/index.php?rest_route=%2Fwp%2Fv2%2Ftags&post=845"}],"curies":[{"name":"wp","href":"https:\/\/api.w.org\/{rel}","templated":true}]}}