{"id":611,"date":"2014-03-12T23:59:34","date_gmt":"2014-03-12T21:59:34","guid":{"rendered":"http:\/\/foerderverein-sophie-scholl-schule.de\/?p=611"},"modified":"2014-03-13T00:00:43","modified_gmt":"2014-03-12T22:00:43","slug":"rsv-lahn-dill-zu-besuch-in-der-primarstufe","status":"publish","type":"post","link":"https:\/\/foerderverein-sophie-scholl-schule.de\/?p=611","title":{"rendered":"RSV Lahn-Dill zu Besuch in der Primarstufe"},"content":{"rendered":"<p style=\"text-align: left;\"><a href=\"http:\/\/www.rsvlahndill.de\/unsere-teams\/spieler\/annabel-breuer.html\" target=\"_blank\">Annabel Breuer<\/a> und <a href=\"http:\/\/www.rsvlahndill.de\/unsere-teams\/spieler\/jan-haller.html\" target=\"_blank\">Jan Haller<\/a> von den Rollstuhlbasketballern des <a href=\"http:\/\/www.rsvlahndill.de\/\" target=\"_blank\">RSV Lahn-Dill<\/a> besuchten heute unsere Sch\u00fclerinnen und Sch\u00fcler der Primarstufe.<\/p>\n<p style=\"text-align: left;\"><a href=\"http:\/\/foerderverein-sophie-scholl-schule.de\/wordpress\/wp-content\/uploads\/2014\/03\/03.jpg\" rel=\"lightbox-0\"><img loading=\"lazy\" decoding=\"async\" alt=\"Blick in die Runde\" src=\"http:\/\/foerderverein-sophie-scholl-schule.de\/wordpress\/wp-content\/uploads\/2014\/03\/03-1024x684.jpg\" width=\"625\" height=\"417\" \/><\/a><\/p>\n<p style=\"text-align: left;\">Schon beim Zusammenbauen der Rollst\u00fchle durfte mit angepackt werden, bevor unsere Grundsch\u00fcler spielerisch den Umgang mit den rollenden Sportger\u00e4ten lernen konnten.<\/p>\n<p style=\"text-align: left;\"><a href=\"http:\/\/foerderverein-sophie-scholl-schule.de\/wordpress\/wp-content\/uploads\/2014\/03\/02.jpg\" rel=\"lightbox-1\"><img loading=\"lazy\" decoding=\"async\" alt=\"St\u00fchle zusammenbauen\" src=\"http:\/\/foerderverein-sophie-scholl-schule.de\/wordpress\/wp-content\/uploads\/2014\/03\/02-1024x708.jpg\" width=\"625\" height=\"432\" \/><\/a><\/p>\n<p><a href=\"http:\/\/foerderverein-sophie-scholl-schule.de\/wordpress\/wp-content\/uploads\/2014\/03\/04.jpg\" rel=\"lightbox-2\"><img loading=\"lazy\" decoding=\"async\" class=\"aligncenter size-large wp-image-615\" alt=\"Gespanntes Lauschen\" src=\"http:\/\/foerderverein-sophie-scholl-schule.de\/wordpress\/wp-content\/uploads\/2014\/03\/04-1024x768.jpg\" width=\"625\" height=\"468\" srcset=\"https:\/\/foerderverein-sophie-scholl-schule.de\/wordpress\/wp-content\/uploads\/2014\/03\/04-1024x768.jpg 1024w, https:\/\/foerderverein-sophie-scholl-schule.de\/wordpress\/wp-content\/uploads\/2014\/03\/04-300x225.jpg 300w, https:\/\/foerderverein-sophie-scholl-schule.de\/wordpress\/wp-content\/uploads\/2014\/03\/04-624x468.jpg 624w, https:\/\/foerderverein-sophie-scholl-schule.de\/wordpress\/wp-content\/uploads\/2014\/03\/04.jpg 2000w\" sizes=\"auto, (max-width: 625px) 100vw, 625px\" \/><\/a>Die beiden erfolgreichen Nationalspieler machten Werbung im besten Sinne f\u00fcr ihre Sportart und wie uns zu Ohren gekommen ist auch mit Erfolg: Zum n\u00e4chsten Heimspiel am 22. M\u00e4rz werden sich ganz bestimmt einige unserer Sch\u00fclerinnen und Sch\u00fcler auf den Weg nach Wetzlar machen, um Jan und Annabel einmal live mit ihrem Team spielen zu sehen. <a href=\"http:\/\/foerderverein-sophie-scholl-schule.de\/wordpress\/wp-content\/uploads\/2014\/03\/05.jpg\" rel=\"lightbox-3\"><img loading=\"lazy\" decoding=\"async\" class=\"aligncenter size-large wp-image-616\" alt=\"Annabel Breuer\" src=\"http:\/\/foerderverein-sophie-scholl-schule.de\/wordpress\/wp-content\/uploads\/2014\/03\/05-1024x704.jpg\" width=\"625\" height=\"429\" srcset=\"https:\/\/foerderverein-sophie-scholl-schule.de\/wordpress\/wp-content\/uploads\/2014\/03\/05-1024x704.jpg 1024w, https:\/\/foerderverein-sophie-scholl-schule.de\/wordpress\/wp-content\/uploads\/2014\/03\/05-300x206.jpg 300w, https:\/\/foerderverein-sophie-scholl-schule.de\/wordpress\/wp-content\/uploads\/2014\/03\/05-624x429.jpg 624w, https:\/\/foerderverein-sophie-scholl-schule.de\/wordpress\/wp-content\/uploads\/2014\/03\/05.jpg 2000w\" sizes=\"auto, (max-width: 625px) 100vw, 625px\" \/><\/a><\/p>\n<p><a href=\"http:\/\/foerderverein-sophie-scholl-schule.de\/wordpress\/wp-content\/uploads\/2014\/03\/07.jpg\" rel=\"lightbox-4\"><img loading=\"lazy\" decoding=\"async\" class=\"alignleft size-medium wp-image-618\" alt=\"Jan Haller erf\u00fcllt Autogrammw\u00fcnsche\" src=\"http:\/\/foerderverein-sophie-scholl-schule.de\/wordpress\/wp-content\/uploads\/2014\/03\/07-248x300.jpg\" width=\"248\" height=\"300\" srcset=\"https:\/\/foerderverein-sophie-scholl-schule.de\/wordpress\/wp-content\/uploads\/2014\/03\/07-248x300.jpg 248w, https:\/\/foerderverein-sophie-scholl-schule.de\/wordpress\/wp-content\/uploads\/2014\/03\/07-846x1024.jpg 846w, https:\/\/foerderverein-sophie-scholl-schule.de\/wordpress\/wp-content\/uploads\/2014\/03\/07-624x754.jpg 624w, https:\/\/foerderverein-sophie-scholl-schule.de\/wordpress\/wp-content\/uploads\/2014\/03\/07.jpg 1240w\" sizes=\"auto, (max-width: 248px) 100vw, 248px\" \/><\/a>Nach erlebnisreichen eineinhalb Stunden, an deren Ende noch alle Autogrammw\u00fcnsche auf T-Shirts und Blusen, Armen, B\u00e4llen und Autogrammkarten erf\u00fcllt wurden, traten die beiden Spieler mit ihrer Crew die Heimreise an.<\/p>\n<p>Herzlichen Dank f\u00fcr den Besuch!<\/p>\n<a class=\"synved-social-button synved-social-button-share synved-social-size-24 synved-social-resolution-single synved-social-provider-facebook nolightbox\" data-provider=\"facebook\" target=\"_blank\" rel=\"nofollow\" title=\"Auf Facebook teilen\" href=\"https:\/\/www.facebook.com\/sharer.php?u=https%3A%2F%2Ffoerderverein-sophie-scholl-schule.de%2Findex.php%3Frest_route%3D%252Fwp%252Fv2%252Fposts%252F611&#038;t=RSV%20Lahn-Dill%20zu%20Besuch%20in%20der%20Primarstufe&#038;s=100&#038;p&#091;url&#093;=https%3A%2F%2Ffoerderverein-sophie-scholl-schule.de%2Findex.php%3Frest_route%3D%252Fwp%252Fv2%252Fposts%252F611&#038;p&#091;images&#093;&#091;0&#093;=https%3A%2F%2Ffoerderverein-sophie-scholl-schule.de%2Fwordpress%2Fwp-content%2Fuploads%2F2014%2F03%2F06.jpg&#038;p&#091;title&#093;=RSV%20Lahn-Dill%20zu%20Besuch%20in%20der%20Primarstufe\" style=\"font-size: 0px;width:24px;height:24px;margin:0;margin-bottom:5px;margin-right:5px\"><img loading=\"lazy\" decoding=\"async\" alt=\"Facebook\" title=\"Auf Facebook teilen\" class=\"synved-share-image synved-social-image synved-social-image-share\" width=\"24\" height=\"24\" style=\"display: inline;width:24px;height:24px;margin: 0;padding: 0;border: none;box-shadow: none\" src=\"https:\/\/foerderverein-sophie-scholl-schule.de\/wordpress\/wp-content\/plugins\/social-media-feather\/synved-social\/image\/social\/regular\/48x48\/facebook.png\" \/><\/a><a class=\"synved-social-button synved-social-button-share synved-social-size-24 synved-social-resolution-single synved-social-provider-twitter nolightbox\" data-provider=\"twitter\" target=\"_blank\" rel=\"nofollow\" title=\"Auf Twitter teilen\" href=\"https:\/\/twitter.com\/intent\/tweet?url=https%3A%2F%2Ffoerderverein-sophie-scholl-schule.de%2Findex.php%3Frest_route%3D%252Fwp%252Fv2%252Fposts%252F611&#038;text=%23FSSSGi%20\" style=\"font-size: 0px;width:24px;height:24px;margin:0;margin-bottom:5px;margin-right:5px\"><img loading=\"lazy\" decoding=\"async\" alt=\"twitter\" title=\"Auf Twitter teilen\" class=\"synved-share-image synved-social-image synved-social-image-share\" width=\"24\" height=\"24\" style=\"display: inline;width:24px;height:24px;margin: 0;padding: 0;border: none;box-shadow: none\" src=\"https:\/\/foerderverein-sophie-scholl-schule.de\/wordpress\/wp-content\/plugins\/social-media-feather\/synved-social\/image\/social\/regular\/48x48\/twitter.png\" \/><\/a><a class=\"synved-social-button synved-social-button-share synved-social-size-24 synved-social-resolution-single synved-social-provider-mail nolightbox\" data-provider=\"mail\" rel=\"nofollow\" title=\"Share by email\" href=\"mailto:?subject=RSV%20Lahn-Dill%20zu%20Besuch%20in%20der%20Primarstufe&#038;body=%23FSSSGi%20:%20https%3A%2F%2Ffoerderverein-sophie-scholl-schule.de%2Findex.php%3Frest_route%3D%252Fwp%252Fv2%252Fposts%252F611\" style=\"font-size: 0px;width:24px;height:24px;margin:0;margin-bottom:5px\"><img loading=\"lazy\" decoding=\"async\" alt=\"mail\" title=\"Share by email\" class=\"synved-share-image synved-social-image synved-social-image-share\" width=\"24\" height=\"24\" style=\"display: inline;width:24px;height:24px;margin: 0;padding: 0;border: none;box-shadow: none\" src=\"https:\/\/foerderverein-sophie-scholl-schule.de\/wordpress\/wp-content\/plugins\/social-media-feather\/synved-social\/image\/social\/regular\/48x48\/mail.png\" \/><\/a>","protected":false},"excerpt":{"rendered":"<p>Annabel Breuer und Jan Haller von den Rollstuhlbasketballern des RSV Lahn-Dill besuchten heute unsere Sch\u00fclerinnen und Sch\u00fcler der Primarstufe. Schon beim Zusammenbauen der Rollst\u00fchle durfte mit angepackt werden, bevor unsere [&hellip;]<\/p>\n","protected":false},"author":14,"featured_media":617,"comment_status":"open","ping_status":"open","sticky":false,"template":"","format":"standard","meta":{"_price":"","_stock":"","_tribe_ticket_header":"","_tribe_default_ticket_provider":"","_tribe_ticket_capacity":"0","_ticket_start_date":"","_ticket_end_date":"","_tribe_ticket_show_description":"","_tribe_ticket_show_not_going":false,"_tribe_ticket_use_global_stock":"","_tribe_ticket_global_stock_level":"","_global_stock_mode":"","_global_stock_cap":"","_tribe_rsvp_for_event":"","_tribe_ticket_going_count":"","_tribe_ticket_not_going_count":"","_tribe_tickets_list":"[]","_tribe_ticket_has_attendee_info_fields":false,"footnotes":""},"categories":[1,8],"tags":[],"class_list":["post-611","post","type-post","status-publish","format-standard","has-post-thumbnail","hentry","category-allgemein","category-vhw"],"_links":{"self":[{"href":"https:\/\/foerderverein-sophie-scholl-schule.de\/index.php?rest_route=\/wp\/v2\/posts\/611","targetHints":{"allow":["GET"]}}],"collection":[{"href":"https:\/\/foerderverein-sophie-scholl-schule.de\/index.php?rest_route=\/wp\/v2\/posts"}],"about":[{"href":"https:\/\/foerderverein-sophie-scholl-schule.de\/index.php?rest_route=\/wp\/v2\/types\/post"}],"author":[{"embeddable":true,"href":"https:\/\/foerderverein-sophie-scholl-schule.de\/index.php?rest_route=\/wp\/v2\/users\/14"}],"replies":[{"embeddable":true,"href":"https:\/\/foerderverein-sophie-scholl-schule.de\/index.php?rest_route=%2Fwp%2Fv2%2Fcomments&post=611"}],"version-history":[{"count":11,"href":"https:\/\/foerderverein-sophie-scholl-schule.de\/index.php?rest_route=\/wp\/v2\/posts\/611\/revisions"}],"predecessor-version":[{"id":628,"href":"https:\/\/foerderverein-sophie-scholl-schule.de\/index.php?rest_route=\/wp\/v2\/posts\/611\/revisions\/628"}],"wp:featuredmedia":[{"embeddable":true,"href":"https:\/\/foerderverein-sophie-scholl-schule.de\/index.php?rest_route=\/wp\/v2\/media\/617"}],"wp:attachment":[{"href":"https:\/\/foerderverein-sophie-scholl-schule.de\/index.php?rest_route=%2Fwp%2Fv2%2Fmedia&parent=611"}],"wp:term":[{"taxonomy":"category","embeddable":true,"href":"https:\/\/foerderverein-sophie-scholl-schule.de\/index.php?rest_route=%2Fwp%2Fv2%2Fcategories&post=611"},{"taxonomy":"post_tag","embeddable":true,"href":"https:\/\/foerderverein-sophie-scholl-schule.de\/index.php?rest_route=%2Fwp%2Fv2%2Ftags&post=611"}],"curies":[{"name":"wp","href":"https:\/\/api.w.org\/{rel}","templated":true}]}}