{"id":363,"date":"2013-08-30T08:42:17","date_gmt":"2013-08-30T06:42:17","guid":{"rendered":"http:\/\/foerderverein-sophie-scholl-schule.de\/?p=363"},"modified":"2013-09-24T15:30:54","modified_gmt":"2013-09-24T13:30:54","slug":"inklusion-einfach-erklaert","status":"publish","type":"post","link":"https:\/\/foerderverein-sophie-scholl-schule.de\/?p=363","title":{"rendered":"Inklusion einfach erkl\u00e4rt"},"content":{"rendered":"<p>Das Projekt explainity erkl\u00e4rt in diesem Video sehr anschaulich Inklusion und grenzt sie unter anderem vom Begriff der Integration ab:<br \/>\n<iframe loading=\"lazy\" src=\"\/\/www.youtube.com\/embed\/rI84_vZaZMc\" height=\"315\" width=\"560\" allowfullscreen=\"\" frameborder=\"0\"><\/iframe><\/p>\n<p>Herzlich gr\u00fc\u00dft<br \/>\nIhr Vorstand des F\u00f6rdervereins (fwd)<\/p>\n<a class=\"synved-social-button synved-social-button-share synved-social-size-24 synved-social-resolution-single synved-social-provider-facebook nolightbox\" data-provider=\"facebook\" target=\"_blank\" rel=\"nofollow\" title=\"Auf Facebook teilen\" href=\"https:\/\/www.facebook.com\/sharer.php?u=https%3A%2F%2Ffoerderverein-sophie-scholl-schule.de%2Findex.php%3Frest_route%3D%252Fwp%252Fv2%252Fposts%252F363&#038;t=Inklusion%20einfach%20erkl%C3%A4rt&#038;s=100&#038;p&#091;url&#093;=https%3A%2F%2Ffoerderverein-sophie-scholl-schule.de%2Findex.php%3Frest_route%3D%252Fwp%252Fv2%252Fposts%252F363&#038;p&#091;images&#093;&#091;0&#093;=&#038;p&#091;title&#093;=Inklusion%20einfach%20erkl%C3%A4rt\" style=\"font-size: 0px;width:24px;height:24px;margin:0;margin-bottom:5px;margin-right:5px\"><img loading=\"lazy\" decoding=\"async\" alt=\"Facebook\" title=\"Auf Facebook teilen\" class=\"synved-share-image synved-social-image synved-social-image-share\" width=\"24\" height=\"24\" style=\"display: inline;width:24px;height:24px;margin: 0;padding: 0;border: none;box-shadow: none\" src=\"https:\/\/foerderverein-sophie-scholl-schule.de\/wordpress\/wp-content\/plugins\/social-media-feather\/synved-social\/image\/social\/regular\/48x48\/facebook.png\" \/><\/a><a class=\"synved-social-button synved-social-button-share synved-social-size-24 synved-social-resolution-single synved-social-provider-twitter nolightbox\" data-provider=\"twitter\" target=\"_blank\" rel=\"nofollow\" title=\"Auf Twitter teilen\" href=\"https:\/\/twitter.com\/intent\/tweet?url=https%3A%2F%2Ffoerderverein-sophie-scholl-schule.de%2Findex.php%3Frest_route%3D%252Fwp%252Fv2%252Fposts%252F363&#038;text=%23FSSSGi%20\" style=\"font-size: 0px;width:24px;height:24px;margin:0;margin-bottom:5px;margin-right:5px\"><img loading=\"lazy\" decoding=\"async\" alt=\"twitter\" title=\"Auf Twitter teilen\" class=\"synved-share-image synved-social-image synved-social-image-share\" width=\"24\" height=\"24\" style=\"display: inline;width:24px;height:24px;margin: 0;padding: 0;border: none;box-shadow: none\" src=\"https:\/\/foerderverein-sophie-scholl-schule.de\/wordpress\/wp-content\/plugins\/social-media-feather\/synved-social\/image\/social\/regular\/48x48\/twitter.png\" \/><\/a><a class=\"synved-social-button synved-social-button-share synved-social-size-24 synved-social-resolution-single synved-social-provider-mail nolightbox\" data-provider=\"mail\" rel=\"nofollow\" title=\"Share by email\" href=\"mailto:?subject=Inklusion%20einfach%20erkl%C3%A4rt&#038;body=%23FSSSGi%20:%20https%3A%2F%2Ffoerderverein-sophie-scholl-schule.de%2Findex.php%3Frest_route%3D%252Fwp%252Fv2%252Fposts%252F363\" style=\"font-size: 0px;width:24px;height:24px;margin:0;margin-bottom:5px\"><img loading=\"lazy\" decoding=\"async\" alt=\"mail\" title=\"Share by email\" class=\"synved-share-image synved-social-image synved-social-image-share\" width=\"24\" height=\"24\" style=\"display: inline;width:24px;height:24px;margin: 0;padding: 0;border: none;box-shadow: none\" src=\"https:\/\/foerderverein-sophie-scholl-schule.de\/wordpress\/wp-content\/plugins\/social-media-feather\/synved-social\/image\/social\/regular\/48x48\/mail.png\" \/><\/a>","protected":false},"excerpt":{"rendered":"<p>Das Projekt explainity erkl\u00e4rt in diesem Video sehr anschaulich Inklusion und grenzt sie unter anderem vom Begriff der Integration ab: Herzlich gr\u00fc\u00dft Ihr Vorstand des F\u00f6rdervereins (fwd)<\/p>\n","protected":false},"author":14,"featured_media":0,"comment_status":"open","ping_status":"open","sticky":false,"template":"","format":"standard","meta":{"_price":"","_stock":"","_tribe_ticket_header":"","_tribe_default_ticket_provider":"","_tribe_ticket_capacity":"0","_ticket_start_date":"","_ticket_end_date":"","_tribe_ticket_show_description":"","_tribe_ticket_show_not_going":false,"_tribe_ticket_use_global_stock":"","_tribe_ticket_global_stock_level":"","_global_stock_mode":"","_global_stock_cap":"","_tribe_rsvp_for_event":"","_tribe_ticket_going_count":"","_tribe_ticket_not_going_count":"","_tribe_tickets_list":"[]","_tribe_ticket_has_attendee_info_fields":false,"footnotes":""},"categories":[6,7],"tags":[],"class_list":["post-363","post","type-post","status-publish","format-standard","hentry","category-fund","category-video"],"_links":{"self":[{"href":"https:\/\/foerderverein-sophie-scholl-schule.de\/index.php?rest_route=\/wp\/v2\/posts\/363","targetHints":{"allow":["GET"]}}],"collection":[{"href":"https:\/\/foerderverein-sophie-scholl-schule.de\/index.php?rest_route=\/wp\/v2\/posts"}],"about":[{"href":"https:\/\/foerderverein-sophie-scholl-schule.de\/index.php?rest_route=\/wp\/v2\/types\/post"}],"author":[{"embeddable":true,"href":"https:\/\/foerderverein-sophie-scholl-schule.de\/index.php?rest_route=\/wp\/v2\/users\/14"}],"replies":[{"embeddable":true,"href":"https:\/\/foerderverein-sophie-scholl-schule.de\/index.php?rest_route=%2Fwp%2Fv2%2Fcomments&post=363"}],"version-history":[{"count":2,"href":"https:\/\/foerderverein-sophie-scholl-schule.de\/index.php?rest_route=\/wp\/v2\/posts\/363\/revisions"}],"predecessor-version":[{"id":365,"href":"https:\/\/foerderverein-sophie-scholl-schule.de\/index.php?rest_route=\/wp\/v2\/posts\/363\/revisions\/365"}],"wp:attachment":[{"href":"https:\/\/foerderverein-sophie-scholl-schule.de\/index.php?rest_route=%2Fwp%2Fv2%2Fmedia&parent=363"}],"wp:term":[{"taxonomy":"category","embeddable":true,"href":"https:\/\/foerderverein-sophie-scholl-schule.de\/index.php?rest_route=%2Fwp%2Fv2%2Fcategories&post=363"},{"taxonomy":"post_tag","embeddable":true,"href":"https:\/\/foerderverein-sophie-scholl-schule.de\/index.php?rest_route=%2Fwp%2Fv2%2Ftags&post=363"}],"curies":[{"name":"wp","href":"https:\/\/api.w.org\/{rel}","templated":true}]}}